{"id":32168,"date":"2022-03-14T11:46:28","date_gmt":"2022-03-14T09:46:28","guid":{"rendered":"https:\/\/www.veigl.net\/blog\/?p=32168"},"modified":"2022-03-14T19:53:36","modified_gmt":"2022-03-14T17:53:36","slug":"mallnitz-2022-oder-raus-aus-der-coronahysterie","status":"publish","type":"post","link":"https:\/\/www.veigl.net\/blog\/?p=32168","title":{"rendered":"Mallnitz 2022, oder: Raus aus der Coronahysterie!"},"content":{"rendered":"\n<p><\/p>\n\n\n\n<p>Nach unendlich langen 4 Monaten, die wir im Lockdown praktisch weggesperrt waren, ergab sich durch die \u00d6ffnung und Beendigung der meisten Schikanen und Sanktionen der Regierung gegen die Bev\u00f6lkerung \u00d6sterreichs unter dem Deckmantel &#8220;Coronama\u00dfnahmen&#8221; endlich ein Zeitfenster, dass wir vor der drohenden Impfpflicht samt Weltmeisterstrafen ausnutzen wollten, bevor wir uns wieder in Isolation begeben mussten um eben keine Strafen auszufassen, nur weil wir der Gentherapie nicht freiwillig zustimmen und sie auch bei uns nicht durchf\u00fchren lassen.<\/p>\n\n\n\n<p>Nach einigem hin und her, bei dem wir Pensionen und Hotels anschrieben um Auskunft \u00fcber die G-Regeln zu erhalten, teils aber entweder keine Info oder keine aktuellen Infos bekommen hatten, konnten wir eine Pension ausfindig machen, die uns wieder nach Mallnitz f\u00fchren sollte, und wir schon 2019 besucht hatten. Der <a rel=\"noreferrer noopener\" href=\"https:\/\/www.jaegerhof-mallnitz.at\" target=\"_blank\"><mark style=\"background-color:rgba(0, 0, 0, 0)\" class=\"has-inline-color has-vivid-red-color\">J\u00e4gerhof<\/mark><\/a> der Familie Striednig. Bei Erika, Erwin und Sonja f\u00fchlten wir uns schon das letzte Mal sehr wohl, und es passte auch diesmal in Punkto Preis und Service. Also buchten wir vom 9. &#8211; 13. M\u00e4rz eine Unterkunft und freuten uns schon riesig, alle unsere Freunde wieder zu sehen.<\/p>\n\n\n\n<p><\/p>\n\n\n\n<figure class=\"wp-block-image size-full is-style-default\"><img loading=\"lazy\" decoding=\"async\" width=\"1024\" height=\"683\" src=\"https:\/\/www.veigl.net\/blog\/wp-content\/uploads\/2022\/03\/jaegerhof.jpg\" alt=\"\" class=\"wp-image-32318\" srcset=\"https:\/\/www.veigl.net\/blog\/wp-content\/uploads\/2022\/03\/jaegerhof.jpg 1024w, https:\/\/www.veigl.net\/blog\/wp-content\/uploads\/2022\/03\/jaegerhof-300x200.jpg 300w, https:\/\/www.veigl.net\/blog\/wp-content\/uploads\/2022\/03\/jaegerhof-768x512.jpg 768w, https:\/\/www.veigl.net\/blog\/wp-content\/uploads\/2022\/03\/jaegerhof-750x500.jpg 750w\" sizes=\"auto, (max-width: 1024px) 100vw, 1024px\" \/><figcaption>Der J\u00e4gerhof in Mallnitz<\/figcaption><\/figure>\n\n\n\n<p><\/p>\n\n\n\n<p>Doch fast machte man uns einen Strich durch die Urlaubsplanung. Eine Kieferentz\u00fcndung trieb mich Montag vor der Abreise zum Zahnarzt und einer schmerzhaften Zahnextraktion. Antibiotika inklusive. Doch es klappte dann doch noch, und so gings am Mittwoch fr\u00fch mit Aufstehen um 4:30 Uhr los. Nukka hatte irgendwie um diese Zeit noch keinen Durchblick, und da die Koffer schon am Vortag in den Wagen verladen worden waren, kannte sie sich nicht ganz aus, was nun passierte. Erst als sie im Halbdunkel dann endlich ihr Gesch\u00e4ft erledigt hatte, und ich dann die Heckklappe \u00f6ffnete, schnallte sie was los war.<\/p>\n\n\n\n<p>Unsere Anfahrt f\u00fchrte wie immer zuerst durch Wien und den gr\u00f6\u00dften Parkplatz \u00d6sterreichs, die S\u00fcd-Ost-Tangente. Die Wahl der Abfahrtszeit war diesmal goldrichtig. Kaum waren wir durch Wien durch, gab es schon im Radio eine Unfallmeldung mit Stau auf dieser Strecke. Da ist es jeden Tag der Wahnsinn, aber Dank der Verhindererpartei der Gr\u00fcnen wird sich daran auch nicht so schnell was \u00e4ndern. Gestern hatte ich noch schnell um 1.750 Euro pro Liter Diesel getankt. Der Spritpreis steigt ja angeblich durch die Ukraine-Krise durch die Decke. Komisch nur, dass der Sprit diese Woche bis Sonntag noch weit \u00fcber 2.220 Euro pro Liter steigen sollte, der internationale \u00d6lpreis aber im gleichen Zeitraum um 13% fallen wird!! So werden wir immer wieder vom Staat und den Gierkonzernen belogen und beschissen! Ich frage mich auch, warum sich das Kerosin nicht verteuerte &#8230;<\/p>\n\n\n\n<p>Die weitere Fahrtstrecke war wie \u00fcblich Wien, Wr. Neustadt, Semmering, M\u00fcrzzuschlag, Bruck an der Mur, Judenburg, Murau, Tamsweg, St. Michael im Lungau, Spittal an der Drau, Obervellach und schlu\u00dfendlich Mallnitz. 385km mit ca. 5 Stunden Anfahrt mit der Pause f\u00fcr Nukka nach 2 Stunden Fahrt in St. Marein-Feistritz. Wir kamen also diesmal recht rasch und ohne Baustellen in Mallnitz an. Da wir erst gegen 17 Uhr einchecken wollten, fuhren wir gleich nach hinten ins <a rel=\"noreferrer noopener\" href=\"https:\/\/www.mallnitz.at\/ausflugsziele\/stappitzer-see-seebachtal\" target=\"_blank\"><mark style=\"background-color:rgba(0, 0, 0, 0)\" class=\"has-inline-color has-vivid-red-color\">Seebachtal<\/mark> <\/a>um mit Nukka einen Spaziergang zu machen. <\/p>\n\n\n\n<p><\/p>\n\n\n\n<div class=\"wp-block-image is-style-default\"><figure class=\"aligncenter size-large is-resized\"><img loading=\"lazy\" decoding=\"async\" src=\"https:\/\/www.veigl.net\/blog\/wp-content\/uploads\/2022\/03\/86IMG_20220311_113402-2-743x1024.jpg\" alt=\"\" class=\"wp-image-32320\" width=\"557\" height=\"768\" srcset=\"https:\/\/www.veigl.net\/blog\/wp-content\/uploads\/2022\/03\/86IMG_20220311_113402-2-743x1024.jpg 743w, https:\/\/www.veigl.net\/blog\/wp-content\/uploads\/2022\/03\/86IMG_20220311_113402-2-218x300.jpg 218w, https:\/\/www.veigl.net\/blog\/wp-content\/uploads\/2022\/03\/86IMG_20220311_113402-2-768x1059.jpg 768w, https:\/\/www.veigl.net\/blog\/wp-content\/uploads\/2022\/03\/86IMG_20220311_113402-2-750x1034.jpg 750w, https:\/\/www.veigl.net\/blog\/wp-content\/uploads\/2022\/03\/86IMG_20220311_113402-2-scaled.jpg 928w\" sizes=\"auto, (max-width: 557px) 100vw, 557px\" \/><figcaption>Nukka im Schnee im Seebachtal<\/figcaption><\/figure><\/div>\n\n\n\n<p><\/p>\n\n\n\n<p>Herrlich im Schnee unterwegs zu sein, und Nukka machte es richtig Spa\u00df. Danach gings wieder runter nach Obervellach, wo wir eine Freundin von uns am Pfaffenberg besuchten und es uns bei Kaffee und herrlichem Sonnenschein gut gehen lie\u00dfen. Der Hunger war es, der uns dann wieder nach Mallnitz trieb, um im <a rel=\"noreferrer noopener\" href=\"https:\/\/www.gasthof-gutenbrunn.at\/\" target=\"_blank\"><mark style=\"background-color:rgba(0, 0, 0, 0)\" class=\"has-inline-color has-vivid-red-color\">Gasthof Gutenbrunn<\/mark><\/a> bei unseren Freunden Claudia und Wolfgang einzukehren. Nudelwochen waren ausgerufen, und so lie\u00dfen wir uns mit einer richtig gro\u00dfen und guten Portion Spaghetti Bolognese verw\u00f6hnen. Leute ich sage Euch: Ein Traum! Der obligatorische &#8220;Zirbe&#8221; durfte nat\u00fcrlich auch nicht fehlen, und so verflog der Nachmittag wie im Flug, und es wurde fast schon zu knapp zum Einchecken im <a rel=\"noreferrer noopener\" href=\"https:\/\/www.jaegerhof-mallnitz.at\" target=\"_blank\"><mark style=\"background-color:rgba(0, 0, 0, 0)\" class=\"has-inline-color has-vivid-red-color\">J\u00e4gerhof<\/mark><\/a>. Doch wir schafften es noch. Die Hausherrin, Sonja, erwartete uns schon und war wie gewohnt wieder sehr freundlich und zuvorkommend. So bezogen wir unser Zimmer, und lagen relativ schnell in den Federn und schauten noch ein wenig fern bevor wir wegschlummerten. Auch Nukka war m\u00fcde und war ziemlich rasch im Land der Tr\u00e4ume.<\/p>\n\n\n\n<p>Donnerstag, der Tag beginnt Gassigang vor dem Fr\u00fchst\u00fcck. Frauchen ging mit Nukka raus, kam nach 20 Minuten retour und meinte, Nukka h\u00e4lt zur\u00fcck und wollte nur zur\u00fcck zu mir. Aja &#8230; eine scheintr\u00e4chtige H\u00fcndin die am Herrchen klebt. Hatten wir ja schon des \u00f6fteren, deswegen ist uns das Verhalten ja auch bekannt. Also was tun? Auch Herrchen muss raus in die K\u00e4lte. Immerhin hatte es in der Nacht 13 Grad minus. Also rein ins Gewand, warm einpacken, Nukka an die Leine, und raus in die Natur. Diesmal klappte es. Nukka erledigte was zu erledigen war, und wir konnten zur\u00fcck ins warme Zimmer. Anschlie\u00dfend gings zum Fr\u00fchst\u00fcck, wo wir von Erika schon erwartet wurden. Ein feines Fr\u00fchst\u00fccksbuffet bei nettem Gespr\u00e4ch erwartete uns, und lie\u00df den Tag schon gut beginnen. Wir genossen es. <\/p>\n\n\n\n<p><\/p>\n\n\n\n<figure class=\"wp-block-image size-large is-style-default\"><img loading=\"lazy\" decoding=\"async\" width=\"1024\" height=\"768\" src=\"https:\/\/www.veigl.net\/blog\/wp-content\/uploads\/2022\/03\/59IMG_20220310_130011-1024x768.jpg\" alt=\"\" class=\"wp-image-32322\" srcset=\"https:\/\/www.veigl.net\/blog\/wp-content\/uploads\/2022\/03\/59IMG_20220310_130011-1024x768.jpg 1024w, https:\/\/www.veigl.net\/blog\/wp-content\/uploads\/2022\/03\/59IMG_20220310_130011-300x225.jpg 300w, https:\/\/www.veigl.net\/blog\/wp-content\/uploads\/2022\/03\/59IMG_20220310_130011-768x576.jpg 768w, https:\/\/www.veigl.net\/blog\/wp-content\/uploads\/2022\/03\/59IMG_20220310_130011-1536x1152.jpg 1536w, https:\/\/www.veigl.net\/blog\/wp-content\/uploads\/2022\/03\/59IMG_20220310_130011-2048x1536.jpg 2048w, https:\/\/www.veigl.net\/blog\/wp-content\/uploads\/2022\/03\/59IMG_20220310_130011-750x563.jpg 750w, https:\/\/www.veigl.net\/blog\/wp-content\/uploads\/2022\/03\/59IMG_20220310_130011-scaled.jpg 1280w\" sizes=\"auto, (max-width: 1024px) 100vw, 1024px\" \/><figcaption>Heiligenblut mit dem Gro\u00dfglockner im Hintergrund bei Traumwetter<\/figcaption><\/figure>\n\n\n\n<p><\/p>\n\n\n\n<p>Nach dem Fr\u00fchst\u00fcck machten wir uns auf den Weg nach Heiligenblut. Ein kleiner Ausflug trotz der horrenden Spritpreise. Heute waren wir schon bei 1.890 Euro pro Liter Diesel angelangt. Egal, noch kostete er ja nicht 3 Euro sagten wir uns und fuhren los. Die Anfahrt bei super Kaiserwetter brachten wir rasch hinter uns. Dann das gro\u00dfe Staunen: Das erste Mal seit wir nach Heiligenblut fuhren, gab es Parkpl\u00e4tze in H\u00fclle und F\u00fclle! Alles leer! Na dann, sagte ich, und fuhr bis fast ins Zentrum hinein um nicht weit latschen zu m\u00fcssen. Nach einem kurzen Besuch in der Pfarrkirche Heiligenblut, kehrten wir in der <a rel=\"noreferrer noopener\" href=\"http:\/\/casa.restaurant\/\" target=\"_blank\"><mark style=\"background-color:rgba(0, 0, 0, 0)\" class=\"has-inline-color has-vivid-red-color\">Casa Antica<\/mark><\/a> auf einen Cafe Latte ein. Ich muss sagen, wunderbar! Top freundliche Bedienung, und ein super Kaffee den man genie\u00dfen konnte. Wir waren das erste Mal da, denn bei unseren Besuchen bisher war die Terasse immer \u00fcberf\u00fcllt, und mit Nukka ist das ein Problem. Sie mag so enge Pl\u00e4tze nicht. Diesmal alles frei, und mit einem Traumblick auf den Gro\u00dfglockner. Es war auch das erste Mal dass wir ihn bei klarer Sicht in seiner vollen Pracht sehen konnten. Sonst gabs immer Wolken oder Nebel. Und bei all dieser Idylle verga\u00dfen wir auf die Uhr zu sehen, und als wir einen Gesch\u00e4ftebummel machen wollten, waren die Gehsteige bereits hochgeklappt und alles zu. Das nenne ich touristenfreundlich, wenn man Mittagspause macht und alles verriegelt. Das war dann wohl nichts, und wir machten uns auf den Retourweg. Beim <a rel=\"noreferrer noopener\" href=\"https:\/\/www.alpintreff.de\/regionen\/100791-Jungfernsprung-Wasserfall\/\" target=\"_blank\"><mark style=\"background-color:rgba(0, 0, 0, 0)\" class=\"has-inline-color has-vivid-red-color\">Jungfernsprung<\/mark><\/a> legten wir dann noch eine Pause ein, damit Nukka sich die Beine vertreten konnte. Leider war der Wanderweg gesperrt, und die Forststra\u00dfe total vereist. Nukka reichte es trotzdem. Sie fetzte durch den Schnee, dann hinein ins eiskalte Wasser, nutzte ihre 8m die sie an der Rollleine herumlaufen konnte bis auf den letzten Zentimeter aus und brachte mich dabei wie gewohnt, ein paar Mal in Bedr\u00e4ngnis. Herrchen hatte seine Eisgr\u00f6del, die <a rel=\"noreferrer noopener\" href=\"https:\/\/www.bergfuchs.at\/snowline-spikes-groedln\/\" target=\"_blank\"><mark style=\"background-color:rgba(0, 0, 0, 0)\" class=\"has-inline-color has-vivid-red-color\">Snowline Chainsen Pro<\/mark><\/a>, ja zu Hause liegen lassen.<\/p>\n\n\n\n<p>Nach dem Abstecher zum Wasserfall, der \u00fcbrigens komplett gefroren war, fuhren wir wieder zu unserer Freundin am Pfaffenberg, schnorrten uns bei mitgebrachter Mehlspeise einen Kaffee, und lie\u00dfen den Tag gem\u00fctlich ausklingen. Danach das Pflichtprogramm beim &#8220;<a rel=\"noreferrer noopener\" href=\"https:\/\/www.gasthof-gutenbrunn.at\/\" target=\"_blank\"><mark style=\"background-color:rgba(0, 0, 0, 0)\" class=\"has-inline-color has-vivid-red-color\">Gutenbrunner<\/mark><\/a>&#8220;, heute mit einer Kaspresskn\u00f6delsuppe (ein Muss f\u00fcr Kenner dieser Spezialit\u00e4t) und anschlie\u00dfend Spaghetti Arrabiata. Die kulinarische Steigerung zu den gestrigen &#8220;Bolognese&#8221;. Die Spaghetti werden \u00fcbrigens vom Hausherren Wolfgang handgemacht! Sowas kann man sich nicht entgehen lassen. Und Claudias K\u00fcche ist ja nun auch schon bis zu uns her bekannt. Einzig die Entfernung von knapp 400km ist das Problem, um &#8220;schnell mal r\u00fcberzufahren um gut zu essen&#8221;. So war auch dieser Tag langsam zu Ende, und nach dem einen oder anderen &#8220;Tschurtschlsaft&#8221; (Zirbe) machten wir uns wieder in unsere Pension auf.  Mit Nukka noch den Abendgang, und das wars f\u00fcr heute.<\/p>\n\n\n\n<p><\/p>\n\n\n\n<figure class=\"wp-block-gallery has-nested-images columns-default is-cropped wp-block-gallery-2 is-layout-flex wp-block-gallery-is-layout-flex\">\n<figure class=\"wp-block-image size-large is-style-rounded\"><img loading=\"lazy\" decoding=\"async\" width=\"1024\" height=\"576\" data-id=\"32325\" src=\"https:\/\/www.veigl.net\/blog\/wp-content\/uploads\/2022\/03\/111IMG-20220312-WA0000-1024x576.jpg\" alt=\"\" class=\"wp-image-32325\" srcset=\"https:\/\/www.veigl.net\/blog\/wp-content\/uploads\/2022\/03\/111IMG-20220312-WA0000-1024x576.jpg 1024w, https:\/\/www.veigl.net\/blog\/wp-content\/uploads\/2022\/03\/111IMG-20220312-WA0000-300x169.jpg 300w, https:\/\/www.veigl.net\/blog\/wp-content\/uploads\/2022\/03\/111IMG-20220312-WA0000-768x432.jpg 768w, https:\/\/www.veigl.net\/blog\/wp-content\/uploads\/2022\/03\/111IMG-20220312-WA0000-1536x864.jpg 1536w, https:\/\/www.veigl.net\/blog\/wp-content\/uploads\/2022\/03\/111IMG-20220312-WA0000-750x422.jpg 750w, https:\/\/www.veigl.net\/blog\/wp-content\/uploads\/2022\/03\/111IMG-20220312-WA0000-scaled.jpg 1280w\" sizes=\"auto, (max-width: 1024px) 100vw, 1024px\" \/><\/figure>\n\n\n\n<figure class=\"wp-block-image size-large is-style-rounded\"><img loading=\"lazy\" decoding=\"async\" width=\"1024\" height=\"576\" data-id=\"32323\" src=\"https:\/\/www.veigl.net\/blog\/wp-content\/uploads\/2022\/03\/112IMG-20220312-WA0001-1024x576.jpg\" alt=\"\" class=\"wp-image-32323\" srcset=\"https:\/\/www.veigl.net\/blog\/wp-content\/uploads\/2022\/03\/112IMG-20220312-WA0001-1024x576.jpg 1024w, https:\/\/www.veigl.net\/blog\/wp-content\/uploads\/2022\/03\/112IMG-20220312-WA0001-300x169.jpg 300w, https:\/\/www.veigl.net\/blog\/wp-content\/uploads\/2022\/03\/112IMG-20220312-WA0001-768x432.jpg 768w, https:\/\/www.veigl.net\/blog\/wp-content\/uploads\/2022\/03\/112IMG-20220312-WA0001-1536x864.jpg 1536w, https:\/\/www.veigl.net\/blog\/wp-content\/uploads\/2022\/03\/112IMG-20220312-WA0001-750x422.jpg 750w, https:\/\/www.veigl.net\/blog\/wp-content\/uploads\/2022\/03\/112IMG-20220312-WA0001-scaled.jpg 1280w\" sizes=\"auto, (max-width: 1024px) 100vw, 1024px\" \/><\/figure>\n\n\n\n<figure class=\"wp-block-image size-large is-style-rounded\"><img loading=\"lazy\" decoding=\"async\" width=\"576\" height=\"1024\" data-id=\"32324\" src=\"https:\/\/www.veigl.net\/blog\/wp-content\/uploads\/2022\/03\/113IMG-20220312-WA0002-576x1024.jpg\" alt=\"\" class=\"wp-image-32324\" srcset=\"https:\/\/www.veigl.net\/blog\/wp-content\/uploads\/2022\/03\/113IMG-20220312-WA0002-576x1024.jpg 576w, https:\/\/www.veigl.net\/blog\/wp-content\/uploads\/2022\/03\/113IMG-20220312-WA0002-169x300.jpg 169w, https:\/\/www.veigl.net\/blog\/wp-content\/uploads\/2022\/03\/113IMG-20220312-WA0002-768x1365.jpg 768w, https:\/\/www.veigl.net\/blog\/wp-content\/uploads\/2022\/03\/113IMG-20220312-WA0002-864x1536.jpg 864w, https:\/\/www.veigl.net\/blog\/wp-content\/uploads\/2022\/03\/113IMG-20220312-WA0002-750x1333.jpg 750w, https:\/\/www.veigl.net\/blog\/wp-content\/uploads\/2022\/03\/113IMG-20220312-WA0002-scaled.jpg 720w\" sizes=\"auto, (max-width: 576px) 100vw, 576px\" \/><\/figure>\n<figcaption class=\"blocks-gallery-caption\">Die K\u00fcche von Claudia und Wolfgang ist einfach immer der kulinarische H\u00f6hepunkt!<\/figcaption><\/figure>\n\n\n\n<p><\/p>\n\n\n\n<p>Freitag. Heute wurde es stressig. Nukkas Morgengang. Fr\u00fchst\u00fcck in gewohnt tadelfeiner Manier. Hab ich schon die super guten weichen Eier erw\u00e4hnt die es gab? Ebenfalls ein Traum! Zuerst wollten wir Rosi im <a rel=\"noreferrer noopener\" href=\"https:\/\/www.cafe-donath.at\/\" target=\"_blank\"><mark style=\"background-color:rgba(0, 0, 0, 0)\" class=\"has-inline-color has-vivid-red-color\">Cafe Donath<\/mark><\/a> besuchen, es war aber leider wegen Erkrankung geschlossen. Also fuhren wir nach Mallnitz hinein und besuchten Lisa, die Betreiberin des <a rel=\"noreferrer noopener\" href=\"https:\/\/www.tradkasten.com\/\" target=\"_blank\"><mark style=\"background-color:rgba(0, 0, 0, 0)\" class=\"has-inline-color has-vivid-red-color\">Tradkasten<\/mark><\/a> in Mallnitz, einem kleinen Bauernladen mit Trafik und Poststelle. Meine Speck- und W\u00fcrstelvorr\u00e4te zu Hause musste ja wieder aufgef\u00fcllt werden. Da wir nicht auf die Nockalmstra\u00dfe kamen, kauften wir bei Lisa ein. Auch das allseits beworbene neue Kinderbuch mit der Geschichte des Lindwurms musste mit, da wir die Ideengeberin (Lisa) und auch den Zeichner (Wolfgang) kennen. Nach dem Besuch im Tradkasten fuhren wir wieder nach hinten ins <a rel=\"noreferrer noopener\" href=\"https:\/\/www.mallnitz.at\/ausflugsziele\/stappitzer-see-seebachtal\" target=\"_blank\"><mark style=\"background-color:rgba(0, 0, 0, 0)\" class=\"has-inline-color has-vivid-red-color\">Seebachtal<\/mark><\/a> und marschierten mit Nukka ziemlich weit ins Tal hinein. Die Sonne war herrlich, das Wetter spielt diesmal echt super mit. Und \u00fcberall das glitzernde Wei\u00df. Nukka wollte zwar wieder einmal baden gehen, durfte diesmal aber nicht, es war zu kalt. Die Rache daf\u00fcr kam postwendend. Wo waren noch mal schnell meine Eisgr\u00f6del??<\/p>\n\n\n\n<p><\/p>\n\n\n\n<div class=\"wp-block-image is-style-rounded\"><figure class=\"aligncenter size-large is-resized\"><img loading=\"lazy\" decoding=\"async\" src=\"https:\/\/www.veigl.net\/blog\/wp-content\/uploads\/2022\/03\/IMG_20220314_101041-1024x768.jpg\" alt=\"\" class=\"wp-image-32328\" width=\"512\" height=\"384\" srcset=\"https:\/\/www.veigl.net\/blog\/wp-content\/uploads\/2022\/03\/IMG_20220314_101041-1024x768.jpg 1024w, https:\/\/www.veigl.net\/blog\/wp-content\/uploads\/2022\/03\/IMG_20220314_101041-300x225.jpg 300w, https:\/\/www.veigl.net\/blog\/wp-content\/uploads\/2022\/03\/IMG_20220314_101041-768x576.jpg 768w, https:\/\/www.veigl.net\/blog\/wp-content\/uploads\/2022\/03\/IMG_20220314_101041-1536x1152.jpg 1536w, https:\/\/www.veigl.net\/blog\/wp-content\/uploads\/2022\/03\/IMG_20220314_101041-2048x1536.jpg 2048w, https:\/\/www.veigl.net\/blog\/wp-content\/uploads\/2022\/03\/IMG_20220314_101041-750x563.jpg 750w, https:\/\/www.veigl.net\/blog\/wp-content\/uploads\/2022\/03\/IMG_20220314_101041-scaled.jpg 1280w\" sizes=\"auto, (max-width: 512px) 100vw, 512px\" \/><figcaption>Die Reserven sind wieder aufgef\u00fcllt!<\/figcaption><\/figure><\/div>\n\n\n\n<p><\/p>\n\n\n\n<div class=\"wp-block-image is-style-rounded\"><figure class=\"aligncenter size-large is-resized\"><img loading=\"lazy\" decoding=\"async\" src=\"https:\/\/www.veigl.net\/blog\/wp-content\/uploads\/2022\/03\/IMG_20220313_143003-768x1024.jpg\" alt=\"\" class=\"wp-image-32329\" width=\"384\" height=\"512\" srcset=\"https:\/\/www.veigl.net\/blog\/wp-content\/uploads\/2022\/03\/IMG_20220313_143003-768x1024.jpg 768w, https:\/\/www.veigl.net\/blog\/wp-content\/uploads\/2022\/03\/IMG_20220313_143003-225x300.jpg 225w, https:\/\/www.veigl.net\/blog\/wp-content\/uploads\/2022\/03\/IMG_20220313_143003-1152x1536.jpg 1152w, https:\/\/www.veigl.net\/blog\/wp-content\/uploads\/2022\/03\/IMG_20220313_143003-1536x2048.jpg 1536w, https:\/\/www.veigl.net\/blog\/wp-content\/uploads\/2022\/03\/IMG_20220313_143003-750x1000.jpg 750w, https:\/\/www.veigl.net\/blog\/wp-content\/uploads\/2022\/03\/IMG_20220313_143003-scaled.jpg 960w\" sizes=\"auto, (max-width: 384px) 100vw, 384px\" \/><figcaption>Auch der Zirbenvorrat wurde erg\u00e4nzt.<\/figcaption><\/figure><\/div>\n\n\n\n<p><\/p>\n\n\n\n<p>Nach dem feinen Spaziergang gings um 13:30 Uhr ins Tauerntal (ich wollt nicht schon wieder &#8220;<a rel=\"noreferrer noopener\" href=\"https:\/\/www.gasthof-gutenbrunn.at\/\" target=\"_blank\"><mark style=\"background-color:rgba(0, 0, 0, 0)\" class=\"has-inline-color has-vivid-red-color\">Gutenbrunner<\/mark><\/a>&#8221; schreiben &#8230; *hahahaaa*), wo wir uns mit unseren Gasteiner Freunden Heidi und Ludwig trafen. Wir haben uns zum Essen verabredet, und Claudia kochte uns extra unsere Vorbestellungen: Rehgulasch, Steak und Hascheekn\u00f6del mit Sauerkraut. Leute, Ihr k\u00f6nnt Euch gar nicht vorstellen, wie gut das alles war!! Wenn Ihr mal in der N\u00e4he seid, fahrt vorbei und lasst Euch von Claudias Kochk\u00fcnsten verw\u00f6hnen! Vor dem Essen verkosteten wir noch unsere mitgebrachten Selbstbaulik\u00f6re (Nat\u00fcrlich mit der Erlaubnis durch den Hausherren, der auch brav mitnaschte!), und hoben die Idee des &#8220;Mallnitzer Pantschfestes&#8221; aus der Taufe &#8211; *lach* &#8211; Wir sind ja gespannt, ob wir die Orga daf\u00fcr mal schaffen. Eine Gaudi w\u00e4rs. <\/p>\n\n\n\n<p>Der Nachmittag verflog kulinarisch gest\u00e4rkt und mit Zirberln unterstrichen wie im Flug. So endete unsere Tag 3 in Mallnitz so gegen 19:30 Uhr. Unsere Freunde fuhren wieder nach Gastein, wir machten noch die obligatorische Abendrunde mit Nuk&#8217;, und danach gings schon wieder in die gute warme Stube und in die Federn. Die Abende waren diesmal wirklich relativ kurz, im Gegensatz zu unseren &#8220;normalen&#8221;  Urlauben. Wir waren auch immer recht m\u00fcde. Der Ortswechsel und die gute Luft tragen da schon einiges dazu bei.<\/p>\n\n\n\n<p><\/p>\n\n\n\n<figure class=\"wp-block-image size-large is-resized is-style-default\"><img loading=\"lazy\" decoding=\"async\" src=\"https:\/\/www.veigl.net\/blog\/wp-content\/uploads\/2022\/03\/120IMG_20220312_114713-1024x768.jpg\" alt=\"\" class=\"wp-image-32326\" width=\"768\" height=\"576\" srcset=\"https:\/\/www.veigl.net\/blog\/wp-content\/uploads\/2022\/03\/120IMG_20220312_114713-1024x768.jpg 1024w, https:\/\/www.veigl.net\/blog\/wp-content\/uploads\/2022\/03\/120IMG_20220312_114713-300x225.jpg 300w, https:\/\/www.veigl.net\/blog\/wp-content\/uploads\/2022\/03\/120IMG_20220312_114713-768x576.jpg 768w, https:\/\/www.veigl.net\/blog\/wp-content\/uploads\/2022\/03\/120IMG_20220312_114713-1536x1152.jpg 1536w, https:\/\/www.veigl.net\/blog\/wp-content\/uploads\/2022\/03\/120IMG_20220312_114713-2048x1536.jpg 2048w, https:\/\/www.veigl.net\/blog\/wp-content\/uploads\/2022\/03\/120IMG_20220312_114713-750x563.jpg 750w, https:\/\/www.veigl.net\/blog\/wp-content\/uploads\/2022\/03\/120IMG_20220312_114713-scaled.jpg 1280w\" sizes=\"auto, (max-width: 768px) 100vw, 768px\" \/><figcaption>Der G\u00f6\u00dfnitzstausee ist eine Umwanderung wert<\/figcaption><\/figure>\n\n\n\n<p><\/p>\n\n\n\n<p>Samstag. Der letzte Tag vor unserer Heimreise. Der Morgen wie immer, bei feinem Fr\u00fchst\u00fcck, und anschlie\u00dfend ein Ausflug zum G\u00f6\u00dfnitzsee, einem Stausee in der N\u00e4he von Obervellach. Die Anfahrt ging schnell, und der anvisierte Parkplatz beim &#8220;Seestandl G\u00f6\u00dfnitzsee&#8221; war leer, weil das Standl geschlossen war. Das letzte Mal als wir uns hierher &#8220;Verirrten&#8221;, endete unser Rundgang auf der Halbinsel, da wir den falschen Weg abgebogen waren. Diesmal versuchten wir unser Gl\u00fcck in der anderen Richtung, also im Uhrzeigersinn um den See. Und siehe da &#8230; wir haben den richtigen Weg gefunden! So konnten wir den Stausee umrunden, und es wurde eine insgesamt 3,4km lange Runde bis zum Ausgangspunkt. Nicht gerade lang, aber am Weg im Wald unheimlich sch\u00f6n und ruhig. Bevor wir zum Auto zur\u00fcckgingen, kehrten wir noch <a rel=\"noreferrer noopener\" href=\"http:\/\/www.seeh\u00e4usl.at\/cafe.php\" target=\"_blank\"><mark style=\"background-color:rgba(0, 0, 0, 0)\" class=\"has-inline-color has-vivid-red-color\">Cafe Seeh\u00e4usl<\/mark><\/a> ein. Auch hier haben wir eine top Bewirtung vorgefunden, und einen echt schmackhaften Cafe Latte. Wir genossen die Sonne, ruhten uns ein wenig aus, dann machten wir uns auf das letzte St\u00fcck des Weges zum Wagen auf. <\/p>\n\n\n\n<p>Heute stand nicht mehr viel am Plan. Vorerst wieder auf den Pfaffenberg um uns zu verabschieden. Nukka  durfte hier ja immer frei laufen und geno\u00df das auch. Anschlie\u00dfend fuhren wir schon leicht hungergeplagt wieder zum &#8230;&#8230;&#8230;&#8230;&#8230;.. na Ihr wisst schon &#8230;&#8230;&#8230;&#8230;. &#8220;<a rel=\"noreferrer noopener\" href=\"https:\/\/www.gasthof-gutenbrunn.at\/\" target=\"_blank\"><mark style=\"background-color:rgba(0, 0, 0, 0)\" class=\"has-inline-color has-vivid-red-color\">Gutenbrunner<\/mark><\/a>&#8220;, da wir uns echten &#8220;Bayrischen Leberk\u00e4se&#8221; mit Kartoffelp\u00fcree vorbestellt hatten. Leute, ich kann mich immer nur wiederholen: Eine Sensation! Aber sowas von gut! Dann trafen wir heute auch noch den Zeichner des Lindwurm-M\u00e4rchenbuchs, Wolfgang, den wir gestern schon eine Widmung rausrei\u00dfen wollten, er aber nicht kam, und wir heute aber das Buch nicht mit hatten. Also wurde improvisiert und wir bekamen die Widmung des K\u00fcnstlers auf einem Blatt Papier zum Einlegen ins B\u00fcchlein. Nochmals Danke Wolfgang! Jetzt kannten wir uns durch die Hunde (seine beiden Fellnasen sind markant und unverwechselbar) schon \u00fcber Jahre die wir nach Mallnitz kamen, aber dass er ein echter K\u00fcnstler ist, das wussten wir nicht. Ja, man wird immer wieder mal mit Neuigkeiten \u00fcberrascht. <\/p>\n\n\n\n<p><\/p>\n\n\n\n<div class=\"wp-block-image is-style-default\"><figure class=\"aligncenter size-large is-resized\"><img loading=\"lazy\" decoding=\"async\" src=\"https:\/\/www.veigl.net\/blog\/wp-content\/uploads\/2022\/03\/193IMG_20220313_143041-1024x768.jpg\" alt=\"\" class=\"wp-image-32327\" width=\"512\" height=\"384\" srcset=\"https:\/\/www.veigl.net\/blog\/wp-content\/uploads\/2022\/03\/193IMG_20220313_143041-1024x768.jpg 1024w, https:\/\/www.veigl.net\/blog\/wp-content\/uploads\/2022\/03\/193IMG_20220313_143041-300x225.jpg 300w, https:\/\/www.veigl.net\/blog\/wp-content\/uploads\/2022\/03\/193IMG_20220313_143041-768x576.jpg 768w, https:\/\/www.veigl.net\/blog\/wp-content\/uploads\/2022\/03\/193IMG_20220313_143041-1536x1152.jpg 1536w, https:\/\/www.veigl.net\/blog\/wp-content\/uploads\/2022\/03\/193IMG_20220313_143041-2048x1536.jpg 2048w, https:\/\/www.veigl.net\/blog\/wp-content\/uploads\/2022\/03\/193IMG_20220313_143041-750x563.jpg 750w, https:\/\/www.veigl.net\/blog\/wp-content\/uploads\/2022\/03\/193IMG_20220313_143041-scaled.jpg 1280w\" sizes=\"auto, (max-width: 512px) 100vw, 512px\" \/><figcaption>Die Legende vom Lindwurm als Kinderbuch.<\/figcaption><\/figure><\/div>\n\n\n\n<p><\/p>\n\n\n\n<p>Und wie sagt man immer? Alles Sch\u00f6ne geht einmal zu Ende, und so mussten wir uns schweren Herzens nach ein paar Abschluss-Tschurtschln verabschieden, da wir ja auch noch f\u00fcr die Heimreise packen mussten. Nach Nukkas Abendrunde war dann alles bereit f\u00fcr die morgige Heimfahrt. Wir hatten aber so gar keinen Bock darauf. Die letzten Tage waren so erholsam. Keine Paniknachrichten wegen der Ukraine, keine Corona-Hysterie, keine verbl\u00f6dete Bev\u00f6lkerung die nur mehr Hass und Hetze gegen alles was nicht ihren eigenen Vorstellungen entspricht kennt. Uns graute schon vor dem was uns wieder erwartete.<\/p>\n\n\n\n<p>Sonntag. Nukk&#8217;s Morgenrunde, gem\u00fctliches und schmackhaftes Fr\u00fchst\u00fcck, Auto beladen, Nuk&#8217; verstauen, verabschieden, und schon sa\u00dfen wir im Auto und fuhren wieder zur\u00fcck in die Heimat. Der Spritpreis lag schon bei \u00fcber 2.230 Euro, aber ich hatte eh den Tank noch 3\/4 voll, also ausreichend ohne nachtanken zu m\u00fcssen, und mit einer Zwischenrast wieder in St. Marein wegen der H\u00fcndin, kamen wir so gegen 14:30 Uhr wohlbehalten zu Hause an. Danach noch schnell ausladen, wegr\u00e4umen, Nukka versorgen, und meine mitgebrachten K\u00e4rntner Osterkrainer in den Topf!! Auf das freute ich mich schon die ganze Heimfahrt &#8230; und auf meinen Kaffee im Halbliterh\u00e4ferl!<\/p>\n\n\n\n<p>Ja, Freunde, das war unser heuriger Auftakt um dem Alltagstrott hier im Wiener Umland ein wenig zu entkommen. Und ja, es hat sich ausgezahlt, wir sind ein bisschen erholt, und mit weit besserer Allgemeinstimmung wieder nach Hause gekommen. Wir werden sehen, wie es heuer so weitergehen wird. Aber das werdet Ihr ohnehin hier auf meinem Blog wieder mitverfolgen k\u00f6nnen. In diesem Sinne, macht Euch auch einen sch\u00f6nen Tag,<\/p>\n\n\n\n<p>Christian, Manuela und unsere Nukka<\/p>\n\n\n\n<p><\/p>\n\n\n\n<p><\/p>\n\n\n\n<p><strong><em>Hier alle Fotos die wir mitgebracht haben:<\/em><\/strong><\/p>\n\n\n\nngg_shortcode_0_placeholder\n\n\n\n<p><\/p>\n\n\n\n<p><\/p>\n\n\n\n<p><strong><em>Wo wir waren, und was von uns aus gesehen wirklich empfehlenswert ist:<\/em><\/strong><\/p>\n\n\n\n<p><\/p>\n\n\n\n<p><\/p>\n\n\n\n<div class=\"wp-block-image is-style-default\"><figure class=\"aligncenter size-large is-resized\"><img loading=\"lazy\" decoding=\"async\" src=\"https:\/\/www.veigl.net\/blog\/wp-content\/uploads\/2022\/03\/jaegerhof-1024x408.png\" alt=\"\" class=\"wp-image-32182\" width=\"512\" height=\"204\" srcset=\"https:\/\/www.veigl.net\/blog\/wp-content\/uploads\/2022\/03\/jaegerhof-1024x408.png 1024w, https:\/\/www.veigl.net\/blog\/wp-content\/uploads\/2022\/03\/jaegerhof-300x120.png 300w, https:\/\/www.veigl.net\/blog\/wp-content\/uploads\/2022\/03\/jaegerhof-768x306.png 768w, https:\/\/www.veigl.net\/blog\/wp-content\/uploads\/2022\/03\/jaegerhof-1536x612.png 1536w, https:\/\/www.veigl.net\/blog\/wp-content\/uploads\/2022\/03\/jaegerhof-750x299.png 750w, https:\/\/www.veigl.net\/blog\/wp-content\/uploads\/2022\/03\/jaegerhof.png 1560w\" sizes=\"auto, (max-width: 512px) 100vw, 512px\" \/><figcaption><a rel=\"noreferrer noopener\" href=\"https:\/\/www.jaegerhof-mallnitz.at\/index.php\/de\/\" target=\"_blank\">Unsere Unterkunft &#8211; Der J\u00e4gerhof<\/a><br \/>(Wir zahlten 15 Euro Pauschal f\u00fcr den Hund f\u00fcr den gesamten Aufenthalt, das ist TOP!!)<\/figcaption><\/figure><\/div>\n\n\n\n<div class=\"wp-block-image is-style-default\"><figure class=\"aligncenter size-full\"><img loading=\"lazy\" decoding=\"async\" width=\"654\" height=\"293\" src=\"https:\/\/www.veigl.net\/blog\/wp-content\/uploads\/2022\/03\/gutenbrunn.png\" alt=\"\" class=\"wp-image-32183\" srcset=\"https:\/\/www.veigl.net\/blog\/wp-content\/uploads\/2022\/03\/gutenbrunn.png 654w, https:\/\/www.veigl.net\/blog\/wp-content\/uploads\/2022\/03\/gutenbrunn-300x134.png 300w\" sizes=\"auto, (max-width: 654px) 100vw, 654px\" \/><figcaption><a href=\"https:\/\/www.gasthof-gutenbrunn.at\/\" target=\"_blank\" rel=\"noreferrer noopener\">Der Gasthof Gutenbrunn von Claudia und Wolfgang!<\/a><br \/>Da M\u00dcSST Ihr einfach einkehren wenn Ihr in der N\u00e4he seid!<\/figcaption><\/figure><\/div>\n\n\n\n<div class=\"wp-block-image is-style-default\"><figure class=\"aligncenter size-full is-resized\"><img loading=\"lazy\" decoding=\"async\" src=\"https:\/\/www.veigl.net\/blog\/wp-content\/uploads\/2022\/03\/tradkasten.jpg\" alt=\"\" class=\"wp-image-32184\" width=\"480\" height=\"480\" srcset=\"https:\/\/www.veigl.net\/blog\/wp-content\/uploads\/2022\/03\/tradkasten.jpg 960w, https:\/\/www.veigl.net\/blog\/wp-content\/uploads\/2022\/03\/tradkasten-300x300.jpg 300w, https:\/\/www.veigl.net\/blog\/wp-content\/uploads\/2022\/03\/tradkasten-150x150.jpg 150w, https:\/\/www.veigl.net\/blog\/wp-content\/uploads\/2022\/03\/tradkasten-768x768.jpg 768w, https:\/\/www.veigl.net\/blog\/wp-content\/uploads\/2022\/03\/tradkasten-750x750.jpg 750w\" sizes=\"auto, (max-width: 480px) 100vw, 480px\" \/><figcaption><a href=\"https:\/\/www.tradkasten.com\/\" target=\"_blank\" rel=\"noreferrer noopener\">Der Tradkasten von Lisa<\/a><br \/>(K\u00e4rntner Bauernladen mit ausgesuchten Schmankerln!)<\/figcaption><\/figure><\/div>\n\n\n\n<div class=\"wp-block-image is-style-default\"><figure class=\"aligncenter size-full is-resized\"><img loading=\"lazy\" decoding=\"async\" src=\"https:\/\/www.veigl.net\/blog\/wp-content\/uploads\/2022\/03\/logo_casaantica.png\" alt=\"\" class=\"wp-image-32185\" width=\"380\" height=\"80\"\/><figcaption><a href=\"http:\/\/www.casa.restaurant\/\" target=\"_blank\" rel=\"noreferrer noopener\">Die CASA ANTICA in Heiligenblut!<\/a><br \/>Tolle Bedienung, super Kaffee. <\/figcaption><\/figure><\/div>\n\n\n\n<div class=\"wp-block-image is-style-default\"><figure class=\"aligncenter size-full is-resized\"><img loading=\"lazy\" decoding=\"async\" src=\"https:\/\/www.veigl.net\/blog\/wp-content\/uploads\/2022\/03\/header.png\" alt=\"\" class=\"wp-image-32186\" width=\"479\" height=\"195\" srcset=\"https:\/\/www.veigl.net\/blog\/wp-content\/uploads\/2022\/03\/header.png 957w, https:\/\/www.veigl.net\/blog\/wp-content\/uploads\/2022\/03\/header-300x122.png 300w, https:\/\/www.veigl.net\/blog\/wp-content\/uploads\/2022\/03\/header-768x312.png 768w, https:\/\/www.veigl.net\/blog\/wp-content\/uploads\/2022\/03\/header-750x305.png 750w\" sizes=\"auto, (max-width: 479px) 100vw, 479px\" \/><figcaption><a href=\"http:\/\/www.seeh\u00e4usl.at\/cafe.php\" target=\"_blank\" rel=\"noreferrer noopener\">Cafe Seeh\u00e4usl am G\u00f6\u00dfnitzsee<\/a><br \/>Ebenso tolle und freundliche Bedienung und sehr guter Kaffee!<\/figcaption><\/figure><\/div>\n\n\n\n<div class=\"wp-block-image is-style-default\"><figure class=\"aligncenter size-full\"><img loading=\"lazy\" decoding=\"async\" width=\"349\" height=\"311\" src=\"https:\/\/www.veigl.net\/blog\/wp-content\/uploads\/2022\/03\/logo512-n4.png\" alt=\"\" class=\"wp-image-32189\" srcset=\"https:\/\/www.veigl.net\/blog\/wp-content\/uploads\/2022\/03\/logo512-n4.png 349w, https:\/\/www.veigl.net\/blog\/wp-content\/uploads\/2022\/03\/logo512-n4-300x267.png 300w\" sizes=\"auto, (max-width: 349px) 100vw, 349px\" \/><figcaption><a href=\"https:\/\/www.cafe-donath.at\/\" target=\"_blank\" rel=\"noreferrer noopener\">Das Cafe Donath von Rosi<\/a><br \/>Der beste Cafe \u00fcberhaupt, und tolle Torten und Pralinen!<\/figcaption><\/figure><\/div>\n","protected":false},"excerpt":{"rendered":"<p>Nach unendlich langen 4 Monaten, die wir im Lockdown praktisch weggesperrt waren, ergab sich durch die \u00d6ffnung und Beendigung der meisten Schikanen und Sanktionen der Regierung gegen die Bev\u00f6lkerung \u00d6sterreichs unter dem Deckmantel &#8220;Coronama\u00dfnahmen&#8221; endlich ein Zeitfenster, dass wir vor der drohenden Impfpflicht samt Weltmeisterstrafen ausnutzen wollten, bevor wir uns wieder in Isolation begeben mussten &hellip; <\/p>\n<p><a class=\"more-link btn\" href=\"https:\/\/www.veigl.net\/blog\/?p=32168\">Weiterlesen<\/a><\/p>\n","protected":false},"author":2,"featured_media":0,"comment_status":"open","ping_status":"closed","sticky":false,"template":"","format":"standard","meta":{"ngg_post_thumbnail":0,"footnotes":""},"categories":[1],"tags":[],"class_list":["post-32168","post","type-post","status-publish","format-standard","hentry","category-allgemein","item-wrap"],"featured_image_src":null,"author_info":{"display_name":"Christian Veigl","author_link":"https:\/\/www.veigl.net\/blog\/?author=2"},"_links":{"self":[{"href":"https:\/\/www.veigl.net\/blog\/index.php?rest_route=\/wp\/v2\/posts\/32168","targetHints":{"allow":["GET"]}}],"collection":[{"href":"https:\/\/www.veigl.net\/blog\/index.php?rest_route=\/wp\/v2\/posts"}],"about":[{"href":"https:\/\/www.veigl.net\/blog\/index.php?rest_route=\/wp\/v2\/types\/post"}],"author":[{"embeddable":true,"href":"https:\/\/www.veigl.net\/blog\/index.php?rest_route=\/wp\/v2\/users\/2"}],"replies":[{"embeddable":true,"href":"https:\/\/www.veigl.net\/blog\/index.php?rest_route=%2Fwp%2Fv2%2Fcomments&post=32168"}],"version-history":[{"count":0,"href":"https:\/\/www.veigl.net\/blog\/index.php?rest_route=\/wp\/v2\/posts\/32168\/revisions"}],"wp:attachment":[{"href":"https:\/\/www.veigl.net\/blog\/index.php?rest_route=%2Fwp%2Fv2%2Fmedia&parent=32168"}],"wp:term":[{"taxonomy":"category","embeddable":true,"href":"https:\/\/www.veigl.net\/blog\/index.php?rest_route=%2Fwp%2Fv2%2Fcategories&post=32168"},{"taxonomy":"post_tag","embeddable":true,"href":"https:\/\/www.veigl.net\/blog\/index.php?rest_route=%2Fwp%2Fv2%2Ftags&post=32168"}],"curies":[{"name":"wp","href":"https:\/\/api.w.org\/{rel}","templated":true}]}}