{"id":32339,"date":"2022-03-15T16:42:48","date_gmt":"2022-03-15T14:42:48","guid":{"rendered":"https:\/\/www.veigl.net\/blog\/?p=32339"},"modified":"2022-03-15T16:42:50","modified_gmt":"2022-03-15T14:42:50","slug":"wir-oesterreich-und-auch-die-eu-haben-ein-riesiges-problem","status":"publish","type":"post","link":"https:\/\/www.veigl.net\/blog\/?p=32339","title":{"rendered":"Wir, \u00d6sterreich und auch die EU haben ein riesiges Problem &#8230;"},"content":{"rendered":"\n<p><\/p>\n\n\n\n<p>Wir, \u00d6sterreich und auch die EU haben ein riesiges Problem &#8230;<\/p>\n\n\n\n<p>In den letzten Jahren hat sich eine nicht unbedeutende Schicht an &#8220;Meinungsmachern&#8221; in den Medien etabliert, die durch die Macht der Medien selbst, ihre eigenen pers\u00f6nlichen Ansichten und Meinungen durchsetzen und als einzige Wahrheit vertreten. Diese Schicht von Journalisten und Journalistinnen sind meist studiert, was ihre linkslinke Ausrichtung ausbildete und festigte. Sie sind wohlbeh\u00fctet aufgewachsen, wurden von allem Schlimmen ferngehalten, und haben daher genau null Ahnung von der Wirklichkeit und dem realen Leben. Sie bewegen sich in Sph\u00e4ren die f\u00fcr uns als weltfremd und zumeist auch hirnlos empfunden werden. Das macht sie zu unantastbaren Hetzern, weil sie sich untereinander auch sch\u00fctzen und sie f\u00fcr Alles und Jedes was sie verbocken eine Rechtfertigung haben um ihre kranken Gedanken zu verteidigen. <\/p>\n\n\n\n<p>Diese sich selbst auf den Thron gehievten &#8220;Machtgesellschaft&#8221; Schmierschreiber und -schreiberinnen, empfinden es als \u00e4u\u00dferst lustvoll und am\u00fcsant, uns alle vor sich herzutreiben wie Vieh auf einer Herde. Sie haben Spa\u00df daran, Angst und Panik zu erzeugen. Sie leben davon und vervielfachen ihre abartigen Spielchen mit der Bev\u00f6lkerung immer mehr. Fr\u00fcher waren diese Spielchen und Hetzen in den alten Foren bekannt. Mobbing von Andersdenkenden, das Vorherrschaft haben wollen in allen Bereichen, selbsternannte Experten und Expertinnen. Wichtig war nur: Immer recht zu behalten, egal um was es ging! Wir nannten sie FORENTROLLE. <\/p>\n\n\n\n<p>Genau diese offensichtlich im Geiste kranken Pers\u00f6nlichkeiten, beherrschen nun gehirngewaschen und mit Ansichten dass einem normalen Menschen nur grausen kann, s\u00e4mtliche Mainstream- und Systemmedien. Und sie treiben auch die Politik vor sich her wie sie wollen. Kein &#8220;moderner&#8221; Politiker kann es sich heutzutage leisten, gegen diese &#8220;Und wir k\u00f6nnen Dich in 1 Tag vernichten&#8221; Maschinerie anzuk\u00e4mpfen. Das liegt aber wohl auch daran, dass es nur mehr Berufspolitiker zu geben scheint, die in der Privatwirtschaft nicht viel auf die Reihe kriegen w\u00fcrden, wenn es nicht die Freunderlwirtschaft oder Korruption g\u00e4be. Keine Berufsabschl\u00fcsse, Studienarbeiten als Plagiate in Reinkultur, abgebrochene Studien, jede Menge Dreck am Stecken, etc..<\/p>\n\n\n\n<p>Doch was diese beiden Schichten gemeinsam haben, Politik und Medien, ist die Geilheit nach Macht und Kontrolle \u00fcber die Bev\u00f6lkerung. Der Wille, nur ihre Ansichten als die wahren und g\u00fcltigen an den Mann zu bringen. Macht und Geld, das ist das allgemeine Ziel. Das Volk? Bleibt auf der Strecke, weil es den Bullshit der ihnen vorgesetzt wird zu gro\u00dfen Teilen glaubt.<\/p>\n\n\n\n<p>Ja, wir haben ein Problem! Wir haben verlernt, sich dagegen zur Wehr zu setzen. Aus Bequemlichkeit, und weil es uns bisher zu gut gegangen ist! Durch die &#8220;Bearbeitung&#8221; der Bev\u00f6lkerung in den letzten beiden Jahren haben auch schon sehr viele resigniert und haben aufgegeben. Egal um was es geht, sei es wie bei uns Dreck, Flugl\u00e4rm, Unt\u00e4tigkeit verantwortlicher Stellen in vielen Belangen, oder national und global gesehen, die ganzen Krisen (Fl\u00fcchtlinge, Banken, Corona, Ukraine, &#8230;) das alles hat die Bev\u00f6lkerung zerm\u00fcrbt und schwach gemacht. Kaum regt sich Widerstand, reagieren Politik und Medien sofort, und kommen mit der Nazi- oder Rassimuskeule daher. Jeder nicht Systemtreue wird sofort denunziert, beschimpft, niedergemacht, und die Herde macht freudig mit. Weil sie damit auch einen kleinen Teil des Machtkuchens ergattern wollen. Macht \u00fcber andere aus Unzufriedenheit \u00fcber das eigene Nichtgeschaffte im Leben. Neid, Egoismus, Arroganz und Gewalt setzen sich immer mehr durch. Freudig von Politik und Medien angefeuert und immer wieder am Laufen gehalten!<\/p>\n\n\n\n<p>Es wird Zeit aufzuwachen, nachzudenken, STOPP zu sagen und dieses auch durchzusetzen!! WIR sind KEIN Spielball f\u00fcr globale Machtspielchen elit\u00e4rer Milliard\u00e4re die im Geld ersticken w\u00e4hrend andere am Hungertuch nagen! WIR sind keine Melkk\u00fche einer Pharmaindustrie und schon gar keiner Waffenlobby! Wir sind auch keine Sklaven, die tagt\u00e4glich in die Arbeit m\u00fcssen, um Politikern mit unserem Steuergeld Geh\u00e4lter jenseits von Gut und B\u00f6se zu finanzieren, f\u00fcr Menschen also, die nur Schei\u00dfe bauen und nicht einmal daf\u00fcr zur Rechenschaft gezogen werden k\u00f6nnen, weil sie politische Immunit\u00e4t genie\u00dfen!! Ein Freibrief f\u00fcr alle Betr\u00fcgereien die in einem korrupten Staat nur m\u00f6glich sind. Und solange die Politik die Schmierschreiber in den Medien auch noch finanzieren, ist kein Ende in Sicht. Im Gegenteil. Man tastet sich Tag f\u00fcr Tag an neue Grenzen heran und beobachtet wie wir alle darauf reagieren. Da die Gegenwehr nur halbherzig oder gar nicht vorhanden ist, werden die Schrauben immer weiter angezogen, und die Mehrheit merkt es nicht einmal mehr.<\/p>\n\n\n\n<p>Liebe Freunde und alle die noch in der Lage sind selbst\u00e4ndig zu denken, zu hinterfragen, zu recherchieren, sich ein eigenes Bild der Lage zu machen ohne das &#8220;betreutes Denken&#8221; der Medien Einfluss nehmen kann: <\/p>\n\n\n\n<p><strong>WIR M\u00dcSSEN DIE ERNIEDRIGUNG UND VERSKLAVUNG DER BEV\u00d6LKERUNG BEENDEN! UND ZWAR SO SCHNELL WIE M\u00d6GLICH!<\/strong><\/p>\n\n\n\n<p>Um wieder in die &#8220;Normalit\u00e4t&#8221; wie fr\u00fcher zu kommen, wird es schon zu sp\u00e4t sein, aber wir k\u00f6nnen Schlimmeres vielleicht noch gemeinsam verhindern! Die Globalisten und ihre linken Helfershelfer d\u00fcrfen die Kontrolle nicht vollkommen \u00fcbernehmen d\u00fcrfen, sonst sind wir AM ARSCH!<\/p>\n\n\n\n<p>Denkt dar\u00fcber nach und entscheidet f\u00fcr Euch selbst. Und danke f\u00fcrs Lesen!<\/p>\n","protected":false},"excerpt":{"rendered":"<p>Wir, \u00d6sterreich und auch die EU haben ein riesiges Problem &#8230; In den letzten Jahren hat sich eine nicht unbedeutende Schicht an &#8220;Meinungsmachern&#8221; in den Medien etabliert, die durch die Macht der Medien selbst, ihre eigenen pers\u00f6nlichen Ansichten und Meinungen durchsetzen und als einzige Wahrheit vertreten. Diese Schicht von Journalisten und Journalistinnen sind meist studiert, &hellip; <\/p>\n<p><a class=\"more-link btn\" href=\"https:\/\/www.veigl.net\/blog\/?p=32339\">Weiterlesen<\/a><\/p>\n","protected":false},"author":2,"featured_media":32342,"comment_status":"open","ping_status":"closed","sticky":false,"template":"","format":"standard","meta":{"ngg_post_thumbnail":0,"footnotes":""},"categories":[1],"tags":[],"class_list":["post-32339","post","type-post","status-publish","format-standard","has-post-thumbnail","hentry","category-allgemein","item-wrap"],"featured_image_src":"https:\/\/www.veigl.net\/blog\/wp-content\/uploads\/2022\/03\/IMG_20220114_163733-scaled.jpg","author_info":{"display_name":"Christian Veigl","author_link":"https:\/\/www.veigl.net\/blog\/?author=2"},"_links":{"self":[{"href":"https:\/\/www.veigl.net\/blog\/index.php?rest_route=\/wp\/v2\/posts\/32339","targetHints":{"allow":["GET"]}}],"collection":[{"href":"https:\/\/www.veigl.net\/blog\/index.php?rest_route=\/wp\/v2\/posts"}],"about":[{"href":"https:\/\/www.veigl.net\/blog\/index.php?rest_route=\/wp\/v2\/types\/post"}],"author":[{"embeddable":true,"href":"https:\/\/www.veigl.net\/blog\/index.php?rest_route=\/wp\/v2\/users\/2"}],"replies":[{"embeddable":true,"href":"https:\/\/www.veigl.net\/blog\/index.php?rest_route=%2Fwp%2Fv2%2Fcomments&post=32339"}],"version-history":[{"count":0,"href":"https:\/\/www.veigl.net\/blog\/index.php?rest_route=\/wp\/v2\/posts\/32339\/revisions"}],"wp:featuredmedia":[{"embeddable":true,"href":"https:\/\/www.veigl.net\/blog\/index.php?rest_route=\/wp\/v2\/media\/32342"}],"wp:attachment":[{"href":"https:\/\/www.veigl.net\/blog\/index.php?rest_route=%2Fwp%2Fv2%2Fmedia&parent=32339"}],"wp:term":[{"taxonomy":"category","embeddable":true,"href":"https:\/\/www.veigl.net\/blog\/index.php?rest_route=%2Fwp%2Fv2%2Fcategories&post=32339"},{"taxonomy":"post_tag","embeddable":true,"href":"https:\/\/www.veigl.net\/blog\/index.php?rest_route=%2Fwp%2Fv2%2Ftags&post=32339"}],"curies":[{"name":"wp","href":"https:\/\/api.w.org\/{rel}","templated":true}]}}