{"id":34110,"date":"2024-03-17T14:38:57","date_gmt":"2024-03-17T12:38:57","guid":{"rendered":"https:\/\/www.veigl.net\/blog\/?p=34110"},"modified":"2024-03-17T14:39:00","modified_gmt":"2024-03-17T12:39:00","slug":"die-ewiggestrigen","status":"publish","type":"post","link":"https:\/\/www.veigl.net\/blog\/?p=34110","title":{"rendered":"Die Ewiggestrigen &#8230;"},"content":{"rendered":"\n<p><\/p>\n\n\n<div class=\"wp-block-image\">\n<figure class=\"aligncenter size-large is-resized\"><img loading=\"lazy\" decoding=\"async\" width=\"1024\" height=\"783\" src=\"https:\/\/www.veigl.net\/blog\/wp-content\/uploads\/2024\/03\/abomb-1024x783.jpg\" alt=\"\" class=\"wp-image-34111\" style=\"width:550px\" srcset=\"https:\/\/www.veigl.net\/blog\/wp-content\/uploads\/2024\/03\/abomb-1024x783.jpg 1024w, https:\/\/www.veigl.net\/blog\/wp-content\/uploads\/2024\/03\/abomb-300x229.jpg 300w, https:\/\/www.veigl.net\/blog\/wp-content\/uploads\/2024\/03\/abomb-768x587.jpg 768w, https:\/\/www.veigl.net\/blog\/wp-content\/uploads\/2024\/03\/abomb-750x573.jpg 750w, https:\/\/www.veigl.net\/blog\/wp-content\/uploads\/2024\/03\/abomb-scaled.jpg 1280w\" sizes=\"auto, (max-width: 1024px) 100vw, 1024px\" \/><\/figure>\n<\/div>\n\n\n<p><\/p>\n\n\n\n<p>Die Linken und Gr\u00fcnen haben uns immer und immer wieder als &#8220;Ewiggestrige&#8221; bezeichnet, wenn wir nicht deren Meinung waren! Dieser gleich nach der Nazikeule gern verwendete Ausdruck sollte Anders-als-links-und-gr\u00fcn-Denkende diffamieren und zum Schweigen bringen. Hat ja auch immer perfekt funktioniert weil sich das Volk einfach einsch\u00fcchtern l\u00e4sst. Doch nun ist der Zeitpunkt gekommen, wo diese Gesinnungs-Khmer ihr wahres Gesicht zeigen, immer mehr und immer gef\u00e4hrlicher!<\/p>\n\n\n\n<p><strong>DAS sind die EWIGGESTRIGEN!<\/strong><\/p>\n\n\n\n<p>Denn sie haben nichts aus der Kriegstreiberei und zwei Weltkriegen gelernt!! Im Gegenteil! Sie sind bereits in einem Kriegsrausch gefangen, der f\u00fcr uns alle nicht gut ausgehen wird, wenn das Schlafvolk nicht endlich aufwacht und diese Futtertrogparasiten, die man ohnehin nie an einer Kriegsfront sehen wird, sowie die diktatorischen und selbsternannten EU-&#8220;Eliten&#8221; in Br\u00fcssel, die wohl schneller auf der Flucht sein werden als so manche Rakete bei ihnen einschlagen kann, stoppt!<\/p>\n\n\n\n<p><strong>Die KRIEGSTREIBER sind die EWIGGESTRIGEN! <\/strong><\/p>\n\n\n\n<p>NICHT die V\u00f6lker der EU, die mit dem Krieg der Amis gegen die Russen nichts am Hut haben! <\/p>\n\n\n\n<p><strong>Die SYSTEMMEDIEN sind die EWIGGESTRIGEN<\/strong><\/p>\n\n\n\n<p>Weil diese Dumpfbirnen und linksgedrehten Propagandam\u00fcllschreibenden aber genau NULL Ahnung von echten Kriegen haben, und ihre &#8220;Erfahrung&#8221; wohl nur durch Playstation, Nintendo &amp; Co gewonnen haben! Und jene die den Medienm\u00fcll, den man ihnen seit Monaten vorsetzt und die Kriegsrufe immer weiter in die Gehirne setzt, jene sind die EWIGESTRIGEN weil sie partout nichts gegen diesen Wahnsinn machen, im Gegenteil, diesen auch noch unterst\u00fctzen!<\/p>\n\n\n\n<p>Diese Menschheit die meint die Spitze der Evolution zu sein, l\u00e4sst sich von ein paar Wahnsinnigen wieder in einen Krieg f\u00fchren, dessen Ausma\u00df so gewaltig sein wird, dass danach nichts mehr so sein wird wie es mal war! <\/p>\n\n\n\n<p>Verabschiedet Euch von allem was Euch lieb war und ist, oder wacht endlich auf und wehrt Euch gegen diese Kriegstreiberei!! <\/p>\n\n\n\n<p><strong>Noch habt Ihr die Wahl, es ist noch nicht zu sp\u00e4t!<\/strong><\/p>\n","protected":false},"excerpt":{"rendered":"<p>Die Linken und Gr\u00fcnen haben uns immer und immer wieder als &#8220;Ewiggestrige&#8221; bezeichnet, wenn wir nicht deren Meinung waren! Dieser gleich nach der Nazikeule gern verwendete Ausdruck sollte Anders-als-links-und-gr\u00fcn-Denkende diffamieren und zum Schweigen bringen. Hat ja auch immer perfekt funktioniert weil sich das Volk einfach einsch\u00fcchtern l\u00e4sst. Doch nun ist der Zeitpunkt gekommen, wo diese &hellip; <\/p>\n<p><a class=\"more-link btn\" href=\"https:\/\/www.veigl.net\/blog\/?p=34110\">Weiterlesen<\/a><\/p>\n","protected":false},"author":2,"featured_media":34111,"comment_status":"open","ping_status":"closed","sticky":false,"template":"","format":"standard","meta":{"ngg_post_thumbnail":0,"footnotes":""},"categories":[7,6],"tags":[],"class_list":["post-34110","post","type-post","status-publish","format-standard","has-post-thumbnail","hentry","category-kritisch","category-politisches","item-wrap"],"featured_image_src":"https:\/\/www.veigl.net\/blog\/wp-content\/uploads\/2024\/03\/abomb-scaled.jpg","author_info":{"display_name":"Christian Veigl","author_link":"https:\/\/www.veigl.net\/blog\/?author=2"},"_links":{"self":[{"href":"https:\/\/www.veigl.net\/blog\/index.php?rest_route=\/wp\/v2\/posts\/34110","targetHints":{"allow":["GET"]}}],"collection":[{"href":"https:\/\/www.veigl.net\/blog\/index.php?rest_route=\/wp\/v2\/posts"}],"about":[{"href":"https:\/\/www.veigl.net\/blog\/index.php?rest_route=\/wp\/v2\/types\/post"}],"author":[{"embeddable":true,"href":"https:\/\/www.veigl.net\/blog\/index.php?rest_route=\/wp\/v2\/users\/2"}],"replies":[{"embeddable":true,"href":"https:\/\/www.veigl.net\/blog\/index.php?rest_route=%2Fwp%2Fv2%2Fcomments&post=34110"}],"version-history":[{"count":0,"href":"https:\/\/www.veigl.net\/blog\/index.php?rest_route=\/wp\/v2\/posts\/34110\/revisions"}],"wp:featuredmedia":[{"embeddable":true,"href":"https:\/\/www.veigl.net\/blog\/index.php?rest_route=\/wp\/v2\/media\/34111"}],"wp:attachment":[{"href":"https:\/\/www.veigl.net\/blog\/index.php?rest_route=%2Fwp%2Fv2%2Fmedia&parent=34110"}],"wp:term":[{"taxonomy":"category","embeddable":true,"href":"https:\/\/www.veigl.net\/blog\/index.php?rest_route=%2Fwp%2Fv2%2Fcategories&post=34110"},{"taxonomy":"post_tag","embeddable":true,"href":"https:\/\/www.veigl.net\/blog\/index.php?rest_route=%2Fwp%2Fv2%2Ftags&post=34110"}],"curies":[{"name":"wp","href":"https:\/\/api.w.org\/{rel}","templated":true}]}}