{"id":58,"date":"2015-02-07T09:10:24","date_gmt":"2015-02-07T08:10:24","guid":{"rendered":"http:\/\/www.veigl.net\/blog\/?p=58"},"modified":"2015-11-01T09:47:30","modified_gmt":"2015-11-01T07:47:30","slug":"politisches","status":"publish","type":"post","link":"https:\/\/www.veigl.net\/blog\/?p=58","title":{"rendered":"Politik in \u00d6sterreich &#8211; Ein Grauen mit Lichtblicken"},"content":{"rendered":"<p><a href=\"https:\/\/www.veigl.net\/blog\/wp-content\/uploads\/2015\/02\/nssv-mandl.jpg\" rel=\"lightbox[58]\"><img loading=\"lazy\" decoding=\"async\" class=\"alignnone size-medium wp-image-59\" src=\"https:\/\/www.veigl.net\/blog\/wp-content\/uploads\/2015\/02\/nssv-mandl-300x91.jpg\" alt=\"nssv-mandl\" width=\"300\" height=\"91\" srcset=\"https:\/\/www.veigl.net\/blog\/wp-content\/uploads\/2015\/02\/nssv-mandl-300x91.jpg 300w, https:\/\/www.veigl.net\/blog\/wp-content\/uploads\/2015\/02\/nssv-mandl.jpg 1000w\" sizes=\"auto, (max-width: 300px) 100vw, 300px\" \/><\/a><\/p>\n<p>Im J\u00e4nner 2015 war Wahlkampf in Nieder\u00f6sterreich. Genauer gesagt Gemeinderatswahlen. Pl\u00f6tzlich tauchten alle Politiker unserer Gemeinde aus ihren L\u00f6chern auf, und gingen auf Stimmenfang. Alte, Kranke, Pensionisten, politisch eigentlich Ungebildete, Gewohnheitsw\u00e4hler, Protestw\u00e4hler, alle wurden abgeklappert und mit einem Paar W\u00fcrstel, Senf und Brot dazu wurden die Leute gek\u00f6dert &#8230; Die Parteifarben gaben sich die Klinke in die Hand wenn es ums Buhlen der W\u00e4hlerstimmen galt. Witzig dabei, dass man diese\u00a0Politiker die ganzen 5 Jahre der letzten Legislaturperiode nicht gesehen hat, au\u00dfer dem \u00fcberall in den Medien verbreiteten Grinsen unseres roten B\u00fcrgermeisters. Er d\u00fcrfte das von seinem Vorg\u00e4nger so gelernt haben.<\/p>\n<p>Ein einziger Politiker, ein junger Mann in der \u00d6VP, Mag. Lukas Mandl (Universit\u00e4tsdozent, Landtagsabgeordneter, etc.) fiel mir in den letzten 2 Jahren auf. Er hob sich aus der grauen Masse der Politik wie ein kleiner Regenbogen hervor. Ich begann diesen Mann zu beobachten, und was ich dabei sah, war ein Politiker, der an das was er tat wirklich glaubte! Er setze mit Eifer und vollem Tatandrang ein Projekt nach dem anderen durch. Teilweise (meiner bescheidenen Meinung nach) etwas patschert, weil er sich mit manchen Fotos zusammen mit den Gemeindeoberen bei uns eher in den Hintergrund stellte, und das Lob dann eher an jene geriet die nichts zu einer Sache beigetragen haben, aber wer den Weg verfolgte wusste genau wer der Drahtzieher war.<\/p>\n<p>Ich finde, das sind die Leute die man unterst\u00fctzen sollte und muss. Lukas ist ein Mensch, den ich pers\u00f6nlich kennen lernen durfte, der eine unheimliche Ruhe ausstrahlt, und den man einfach m\u00f6gen muss. Seine Parteif\u00e4rbung ist mir dabei sowas von egal, weil ich ihn ihm nicht die \u00d6VP sehe, sondern den Menschen, der sich f\u00fcr unsere Gemeinde einsetzt, und auch in Nieder\u00f6sterreich selbst etwas bewegen will und auch bewegt.<\/p>\n<p>Ein Beispiel ist der Flugl\u00e4rmterror der bei uns herrscht. Seit dem Teilvertrag \u00a0der Mediation (Flughafen Wien) hat sich die Situation\u00a0bei uns derart verschlechtert, dass es besser w\u00e4re, alles zu verkaufen und wegzuziehen. Doch man h\u00e4ngt an dem was man hat. Ein Dialog mit den Verantwortlichen\u00a0scheiterte 12 Jahre lang. Weder unsere Gemeindev\u00e4ter, noch sonst ein Politiker fand sich bereit, dieses hei\u00dfe Eisen anzufassen. Man konnte sich damit ja nicht profilieren, \u00a0eine Niederlage gegen den Flughafen war vorprogrammiert, warum sich also die H\u00e4nde schmutzig machen? Nun, Lukas fasste das Eisen an, und schaffte es, einer Gruppe von Menschen die sich hier bei uns in ihrer Lebensqualit\u00e4t durch den Flugl\u00e4rm beeintr\u00e4chtigt f\u00fchlen, einen ersten direkten Kontakt mit einem Vertreter des Flughafens zu erm\u00f6glichen. Ein erstes Gespr\u00e4ch verlief ehrlich und weckte nun Hoffnung in uns, dass wir doch zu einer L\u00f6sung kommen k\u00f6nnten.\u00a0Dieser Verdienst kann alleine Lukas angerechnet werden, weil er sich einsetzte!<\/p>\n<p>Ich habe immer schon gesagt, mir ist es egal welche Farbe eine regierende Partei hat, solange sie etwas f\u00fcr die Bev\u00f6lkerung macht. Ich habe keine Politische Bindung. Ich stehe zu keiner Partei.<\/p>\n<p>Auch fr\u00fcher gab es Futtertrogzecken, doch die Gier war nicht so ausgepr\u00e4gt wie heute. Leben und leben lassen war die politische Devise. In moderner Zeit hat man das offensichtlich\u00a0vergessen. Je h\u00f6her Politiker und Beamte sitzen, desto st\u00e4rker kleben sie auf ihren Sesseln und zapfen den Futtertrog ungeniert an, ohne R\u00fccksicht darauf, dass wir, das Volk, diesen mit unseren Steuergelder auch f\u00fcllen m\u00fcssen! W\u00e4hrend uns immer weniger bleibt, genehmigen sich die Herren Politiker und Beamte Lohnerh\u00f6hungen von denen wir nur Tr\u00e4umen k\u00f6nnen. Aber das alles ohne realer Gegenleistungen! Die Politiker haben vergessen, dass wir sie bezahlen, und das sie eigentlich f\u00fcr uns und unsere Interessen zu arbeiten haben du nicht umgekehrt! Es wird\u00a0Zeit diesen abgehobenen Fratzen aller Couleur zu zeigen, wer eigentlich die Macht im Land hat.\u00a0Dazu braucht man aber volksnahe und ehrliche Politiker, die sich trauen aus den eigenen Reihen und Vorgaben auszubrechen, und ich denke, mit Lukas Mandl haben wir einen ersten dieser neuen Politikergeneration gefunden. Ich hoffe, ihm werden noch viele folgen &#8230;<\/p>\n<p><a href=\"https:\/\/www.veigl.net\/blog\/wp-content\/uploads\/2015\/02\/nssv-mandl.jpg\" rel=\"lightbox[58]\">\u00a0<\/a><\/p>\n","protected":false},"excerpt":{"rendered":"<p>Im J\u00e4nner 2015 war Wahlkampf in Nieder\u00f6sterreich. Genauer gesagt Gemeinderatswahlen. Pl\u00f6tzlich tauchten alle Politiker unserer Gemeinde aus ihren L\u00f6chern auf, und gingen auf Stimmenfang. Alte, Kranke, Pensionisten, politisch eigentlich Ungebildete, Gewohnheitsw\u00e4hler, Protestw\u00e4hler, alle wurden abgeklappert und mit einem Paar W\u00fcrstel, Senf und Brot dazu wurden die Leute gek\u00f6dert &#8230; Die Parteifarben gaben sich die Klinke &hellip; <\/p>\n<p><a class=\"more-link btn\" href=\"https:\/\/www.veigl.net\/blog\/?p=58\">Weiterlesen<\/a><\/p>\n","protected":false},"author":2,"featured_media":59,"comment_status":"open","ping_status":"open","sticky":false,"template":"","format":"standard","meta":{"ngg_post_thumbnail":0,"footnotes":""},"categories":[6],"tags":[],"class_list":["post-58","post","type-post","status-publish","format-standard","has-post-thumbnail","hentry","category-politisches","item-wrap"],"featured_image_src":"https:\/\/www.veigl.net\/blog\/wp-content\/uploads\/2015\/02\/nssv-mandl.jpg","author_info":{"display_name":"Christian Veigl","author_link":"https:\/\/www.veigl.net\/blog\/?author=2"},"_links":{"self":[{"href":"https:\/\/www.veigl.net\/blog\/index.php?rest_route=\/wp\/v2\/posts\/58","targetHints":{"allow":["GET"]}}],"collection":[{"href":"https:\/\/www.veigl.net\/blog\/index.php?rest_route=\/wp\/v2\/posts"}],"about":[{"href":"https:\/\/www.veigl.net\/blog\/index.php?rest_route=\/wp\/v2\/types\/post"}],"author":[{"embeddable":true,"href":"https:\/\/www.veigl.net\/blog\/index.php?rest_route=\/wp\/v2\/users\/2"}],"replies":[{"embeddable":true,"href":"https:\/\/www.veigl.net\/blog\/index.php?rest_route=%2Fwp%2Fv2%2Fcomments&post=58"}],"version-history":[{"count":0,"href":"https:\/\/www.veigl.net\/blog\/index.php?rest_route=\/wp\/v2\/posts\/58\/revisions"}],"wp:featuredmedia":[{"embeddable":true,"href":"https:\/\/www.veigl.net\/blog\/index.php?rest_route=\/wp\/v2\/media\/59"}],"wp:attachment":[{"href":"https:\/\/www.veigl.net\/blog\/index.php?rest_route=%2Fwp%2Fv2%2Fmedia&parent=58"}],"wp:term":[{"taxonomy":"category","embeddable":true,"href":"https:\/\/www.veigl.net\/blog\/index.php?rest_route=%2Fwp%2Fv2%2Fcategories&post=58"},{"taxonomy":"post_tag","embeddable":true,"href":"https:\/\/www.veigl.net\/blog\/index.php?rest_route=%2Fwp%2Fv2%2Ftags&post=58"}],"curies":[{"name":"wp","href":"https:\/\/api.w.org\/{rel}","templated":true}]}}